{"id":110,"date":"2022-08-15T16:15:44","date_gmt":"2022-08-15T14:15:44","guid":{"rendered":"https:\/\/www.saintetheresechalons.com\/?p=110"},"modified":"2022-10-12T13:37:55","modified_gmt":"2022-10-12T11:37:55","slug":"homelie-du-pere-wersinger-15-aout-2022","status":"publish","type":"post","link":"https:\/\/www.saintetheresechalons.com\/index.php\/2022\/08\/15\/homelie-du-pere-wersinger-15-aout-2022\/","title":{"rendered":"Hom\u00e9lie du P\u00e8re Wersinger"},"content":{"rendered":"\n<p>Le 1er novembre 1950, le Pape Pie XII d\u00e9finissait solennellement le dogme de l&rsquo;Assomption. Pour la foi catholique, le corps de Marie n&rsquo;a pas connu la d\u00e9gradation du tombeau. A sa mort elle fut \u00e9lev\u00e9e au ciel, corps et \u00e2me, pr\u00e8s de son fils : \u00ab Marie, l&rsquo;Immacul\u00e9e M\u00e8re de Dieu toujours Vierge, \u00e0 la fin du cours de sa vie terrestre, a \u00e9t\u00e9 \u00e9lev\u00e9e en \u00e2me et en corps \u00e0 la gloire c\u00e9leste. \u00bb. La foi de l&rsquo;\u00c9glise ne vient pas uniquement de l&rsquo;analyse de la Bible et des \u00e9tudes des th\u00e9ologiens. Elle s\u2019enracine dans la vie, la pri\u00e8re, la confiance du peuple chr\u00e9tien. Si on ne parle pas de l\u2019assomption de Marie dans la Bible, le dogme de l&rsquo;Assomption ne vient pas s&rsquo;ajouter \u00e0 la foi de l&rsquo;\u00c9glise comme une pi\u00e8ce \u00e9trang\u00e8re, tardive et inutile. C\u2019est le couronnement de notre foi. J\u00e9sus, avant sa passion, avait promis \u00e0 ses disciples de leur pr\u00e9parer une place et de revenir les chercher. Marie est la premi\u00e8re des disciples, elle qui a accompagn\u00e9 son fils depuis l&rsquo;Annonciation jusqu&rsquo;\u00e0 l&rsquo;accueil de son Esprit \u00e0 la Pentec\u00f4te, en passant par sa pr\u00e9sence au pied de la croix. Intimement unie au Christ aux jours de sa vie terrestre, il \u00e9tait logique qu&rsquo;elle soit la premi\u00e8re \u00e0 le retrouver totalement, corps et \u00e2me, dans la gloire du ciel. L&rsquo;histoire dans la Bible commence avec Adam et Eve chass\u00e9s du Paradis par leur d\u00e9sob\u00e9issance, elle s&rsquo;ach\u00e8ve avec l&rsquo;entr\u00e9e de Marie au ciel, elle qui est le mod\u00e8le de l&rsquo;ob\u00e9issance \u00e0 la voix de Dieu.<\/p>\n\n\n\n<p>Nous nous r\u00e9jouissons pour la Sainte Vierge. Mais c\u2019est aussi une bonne nouvelle pour nous tous. Elle est l\u2019annonce et l&rsquo;anticipation du projet de Dieu pour l&rsquo;ensemble de l&rsquo;humanit\u00e9. En effet, le Pape Pie XII rappelait que l&rsquo;Assomption de Marie n&rsquo;est pas une sorte de miracle individuel qui ne concernerait qu&rsquo;elle. Il disait : \u00ab il faut \u00e9galement esp\u00e9rer que ceux qui m\u00e9ditent les glorieux exemples de Marie se persuaderont de plus en plus de quelle grande valeur est la vie humaine si elle est enti\u00e8rement vou\u00e9e \u00e0 l&rsquo;accomplissement de la volont\u00e9 du P\u00e8re c\u00e9leste et au bien \u00e0 procurer au prochain (\u2026) \u00e0 quel but sublime sont destin\u00e9s notre \u00e2me et notre corps ; et enfin que la foi de l&rsquo;Assomption c\u00e9leste de Marie dans son corps rendra plus ferme notre foi en notre propre r\u00e9surrection, et la rendra plus active. \u00bb Il y a donc un lien \u00e9troit entre l&rsquo;assomption de Marie et notre esp\u00e9rance en la r\u00e9surrection.<\/p>\n\n\n\n<p>Mais il y a quelque chose de plus. Le pape rappelle que notre corps et notre \u00e2me forment un tout. Nos corps ne sont pas de simples enveloppes, ou des sortes de machines Le corps a sa dignit\u00e9, et ce n\u2019est pas un objet, tant\u00f4t ador\u00e9, tant\u00f4t m\u00e9pris\u00e9 et ha\u00ef. Notre corps et celui des autres sont infiniment respectables, parce qu&rsquo;ils sont un don de Dieu et le Temple de l&rsquo;Esprit saint. Nous ne sommes pas vou\u00e9es \u00e0 dispara\u00eetre et dont la seule vocation serait de vivre le plus longtemps possible, ou d&rsquo;exp\u00e9rimenter le plus de sensations possibles. Nous ne sommes pas non plus de purs esprits, attendant d&rsquo;\u00eatre d\u00e9livr\u00e9s d&rsquo;une prison de chair incommode et dont les limites contrarieraient les pures \u00e9l\u00e9vations de notre \u00e2me. Nous sommes appel\u00e9s \u00e0 ressembler \u00e0 Marie, celle dont le corps fut l&rsquo;instrument fid\u00e8le de l&rsquo;\u00e2me. Croire en l\u2019Assomption de Marie invite \u00e0 aimer et respecter profond\u00e9ment notre corps et celui des autres. Bien entendu la r\u00e9surrection de la chair, annonc\u00e9e par l\u2019Assomption de Marie, n\u2019est pas d\u2019une reconstitution mat\u00e9rielle de nos corps dans leurs atomes et particules. Mais d\u2019une mani\u00e8re qui d\u00e9passe toute imagination, il y a un lien entre ce que nous sommes aujourd\u2019hui, corps et \u00e2me, et l\u2019avenir \u00e9ternel que Dieu veut pour nous comme pour Marie.<\/p>\n\n\n\n<p>Notre foi en l&rsquo;Assomption peut donc influencer profond\u00e9ment notre mani\u00e8re de vivre. Il nous faut imiter notre m\u00e8re. Nous pouvons d\u00e9j\u00e0 m\u00e9diter sur son exemple dans l&rsquo;\u00e9vangile. Marie n&rsquo;est pas la reine majestueuse et impassible, assise sur son tr\u00f4ne, attendant les hommages, mais celle qui marche, sort de chez elle, qui s&rsquo;avance rapidement \u00e0 la rencontre de l&rsquo;autre, et qui n&rsquo;h\u00e9site pas \u00e0 proclamer sa foi en un Dieu bienveillant, proche des gens simples et humbles. Nulle fiert\u00e9 en Marie, mais le partage tout naturel de ce qui fait le c\u0153ur de sa vie, et la certitude que cela concerne tous ceux qui sont capables de se mettre docilement \u00e0 l&rsquo;\u00e9coute d&rsquo;autre chose qu&rsquo;eux-m\u00eames. Puissions-nous, fr\u00e8res et s\u0153urs vivre \u00e0 l&rsquo;image de Marie et conna\u00eetre d\u00e9j\u00e0 le bonheur de la rencontre gratuite o\u00f9 chacun se r\u00e9jouit pour l&rsquo;autre, en attendant la joie du ciel, o\u00f9 tout ce qui fait avec amour se retrouvera pr\u00e8s de Dieu.<\/p>\n\n\n\n<p><em>P\u00e8re Jacques Wersinger<\/em><\/p>\n","protected":false},"excerpt":{"rendered":"<p>Le 1er novembre 1950, le Pape Pie XII d\u00e9finissait solennellement le dogme de l&rsquo;Assomption. Pour la foi catholique, le corps de Marie n&rsquo;a pas connu la d\u00e9gradation du tombeau. A &#8230; <span class=\"more\"><a class=\"more-link\" href=\"https:\/\/www.saintetheresechalons.com\/index.php\/2022\/08\/15\/homelie-du-pere-wersinger-15-aout-2022\/\">[Read more&#8230;]<\/a><\/span><\/p>\n","protected":false},"author":4,"featured_media":0,"comment_status":"closed","ping_status":"open","sticky":false,"template":"","format":"standard","meta":{"footnotes":""},"categories":[4],"tags":[],"class_list":["entry","post","publish","author-markholds","post-110","format-standard","category-homelies"],"yoast_head":"<!-- This site is optimized with the Yoast SEO plugin v27.5 - https:\/\/yoast.com\/product\/yoast-seo-wordpress\/ -->\n<title>Hom\u00e9lie du P\u00e8re Wersinger - Paroisse Sainte-Th\u00e9r\u00e8se<\/title>\n<meta name=\"robots\" content=\"index, follow, max-snippet:-1, max-image-preview:large, max-video-preview:-1\" \/>\n<link rel=\"canonical\" href=\"https:\/\/www.saintetheresechalons.com\/index.php\/2022\/08\/15\/homelie-du-pere-wersinger-15-aout-2022\/\" \/>\n<meta property=\"og:locale\" content=\"fr_FR\" \/>\n<meta property=\"og:type\" content=\"article\" \/>\n<meta property=\"og:title\" content=\"Hom\u00e9lie du P\u00e8re Wersinger - Paroisse Sainte-Th\u00e9r\u00e8se\" \/>\n<meta property=\"og:description\" content=\"Le 1er novembre 1950, le Pape Pie XII d\u00e9finissait solennellement le dogme de l&rsquo;Assomption. Pour la foi catholique, le corps de Marie n&rsquo;a pas connu la d\u00e9gradation du tombeau. A ... [Read more...]\" \/>\n<meta property=\"og:url\" content=\"https:\/\/www.saintetheresechalons.com\/index.php\/2022\/08\/15\/homelie-du-pere-wersinger-15-aout-2022\/\" \/>\n<meta property=\"og:site_name\" content=\"Paroisse Sainte-Th\u00e9r\u00e8se\" \/>\n<meta property=\"article:published_time\" content=\"2022-08-15T14:15:44+00:00\" \/>\n<meta property=\"article:modified_time\" content=\"2022-10-12T11:37:55+00:00\" \/>\n<meta name=\"author\" content=\"Mark HOLDSWORTH\" \/>\n<meta name=\"twitter:card\" content=\"summary_large_image\" \/>\n<meta name=\"twitter:label1\" content=\"\u00c9crit par\" \/>\n\t<meta name=\"twitter:data1\" content=\"Mark HOLDSWORTH\" \/>\n\t<meta name=\"twitter:label2\" content=\"Dur\u00e9e de lecture estim\u00e9e\" \/>\n\t<meta name=\"twitter:data2\" content=\"5 minutes\" \/>\n<script type=\"application\/ld+json\" class=\"yoast-schema-graph\">{\"@context\":\"https:\\\/\\\/schema.org\",\"@graph\":[{\"@type\":\"Article\",\"@id\":\"https:\\\/\\\/www.saintetheresechalons.com\\\/index.php\\\/2022\\\/08\\\/15\\\/homelie-du-pere-wersinger-15-aout-2022\\\/#article\",\"isPartOf\":{\"@id\":\"https:\\\/\\\/www.saintetheresechalons.com\\\/index.php\\\/2022\\\/08\\\/15\\\/homelie-du-pere-wersinger-15-aout-2022\\\/\"},\"author\":{\"name\":\"Mark HOLDSWORTH\",\"@id\":\"https:\\\/\\\/www.saintetheresechalons.com\\\/#\\\/schema\\\/person\\\/a06a9a315167034db6b77fcdea4e4363\"},\"headline\":\"Hom\u00e9lie du P\u00e8re Wersinger\",\"datePublished\":\"2022-08-15T14:15:44+00:00\",\"dateModified\":\"2022-10-12T11:37:55+00:00\",\"mainEntityOfPage\":{\"@id\":\"https:\\\/\\\/www.saintetheresechalons.com\\\/index.php\\\/2022\\\/08\\\/15\\\/homelie-du-pere-wersinger-15-aout-2022\\\/\"},\"wordCount\":862,\"articleSection\":[\"Hom\u00e9lies\"],\"inLanguage\":\"fr-FR\"},{\"@type\":\"WebPage\",\"@id\":\"https:\\\/\\\/www.saintetheresechalons.com\\\/index.php\\\/2022\\\/08\\\/15\\\/homelie-du-pere-wersinger-15-aout-2022\\\/\",\"url\":\"https:\\\/\\\/www.saintetheresechalons.com\\\/index.php\\\/2022\\\/08\\\/15\\\/homelie-du-pere-wersinger-15-aout-2022\\\/\",\"name\":\"Hom\u00e9lie du P\u00e8re Wersinger - Paroisse Sainte-Th\u00e9r\u00e8se\",\"isPartOf\":{\"@id\":\"https:\\\/\\\/www.saintetheresechalons.com\\\/#website\"},\"datePublished\":\"2022-08-15T14:15:44+00:00\",\"dateModified\":\"2022-10-12T11:37:55+00:00\",\"author\":{\"@id\":\"https:\\\/\\\/www.saintetheresechalons.com\\\/#\\\/schema\\\/person\\\/a06a9a315167034db6b77fcdea4e4363\"},\"breadcrumb\":{\"@id\":\"https:\\\/\\\/www.saintetheresechalons.com\\\/index.php\\\/2022\\\/08\\\/15\\\/homelie-du-pere-wersinger-15-aout-2022\\\/#breadcrumb\"},\"inLanguage\":\"fr-FR\",\"potentialAction\":[{\"@type\":\"ReadAction\",\"target\":[\"https:\\\/\\\/www.saintetheresechalons.com\\\/index.php\\\/2022\\\/08\\\/15\\\/homelie-du-pere-wersinger-15-aout-2022\\\/\"]}]},{\"@type\":\"BreadcrumbList\",\"@id\":\"https:\\\/\\\/www.saintetheresechalons.com\\\/index.php\\\/2022\\\/08\\\/15\\\/homelie-du-pere-wersinger-15-aout-2022\\\/#breadcrumb\",\"itemListElement\":[{\"@type\":\"ListItem\",\"position\":1,\"name\":\"Accueil\",\"item\":\"https:\\\/\\\/www.saintetheresechalons.com\\\/\"},{\"@type\":\"ListItem\",\"position\":2,\"name\":\"Hom\u00e9lie du P\u00e8re Wersinger\"}]},{\"@type\":\"WebSite\",\"@id\":\"https:\\\/\\\/www.saintetheresechalons.com\\\/#website\",\"url\":\"https:\\\/\\\/www.saintetheresechalons.com\\\/\",\"name\":\"Paroisse Sainte-Th\u00e9r\u00e8se\",\"description\":\"Eglise catholique \u00e0 Ch\u00e2lons-En-Champagne\",\"potentialAction\":[{\"@type\":\"SearchAction\",\"target\":{\"@type\":\"EntryPoint\",\"urlTemplate\":\"https:\\\/\\\/www.saintetheresechalons.com\\\/?s={search_term_string}\"},\"query-input\":{\"@type\":\"PropertyValueSpecification\",\"valueRequired\":true,\"valueName\":\"search_term_string\"}}],\"inLanguage\":\"fr-FR\"},{\"@type\":\"Person\",\"@id\":\"https:\\\/\\\/www.saintetheresechalons.com\\\/#\\\/schema\\\/person\\\/a06a9a315167034db6b77fcdea4e4363\",\"name\":\"Mark HOLDSWORTH\",\"image\":{\"@type\":\"ImageObject\",\"inLanguage\":\"fr-FR\",\"@id\":\"https:\\\/\\\/secure.gravatar.com\\\/avatar\\\/aa9e587c85c83bc25e158e057b6a78c476e9edb3e08e2a9a54e9d2c57b2d2cca?s=96&d=mm&r=g\",\"url\":\"https:\\\/\\\/secure.gravatar.com\\\/avatar\\\/aa9e587c85c83bc25e158e057b6a78c476e9edb3e08e2a9a54e9d2c57b2d2cca?s=96&d=mm&r=g\",\"contentUrl\":\"https:\\\/\\\/secure.gravatar.com\\\/avatar\\\/aa9e587c85c83bc25e158e057b6a78c476e9edb3e08e2a9a54e9d2c57b2d2cca?s=96&d=mm&r=g\",\"caption\":\"Mark HOLDSWORTH\"},\"url\":\"https:\\\/\\\/www.saintetheresechalons.com\\\/index.php\\\/author\\\/markholds\\\/\"}]}<\/script>\n<!-- \/ Yoast SEO plugin. -->","yoast_head_json":{"title":"Hom\u00e9lie du P\u00e8re Wersinger - Paroisse Sainte-Th\u00e9r\u00e8se","robots":{"index":"index","follow":"follow","max-snippet":"max-snippet:-1","max-image-preview":"max-image-preview:large","max-video-preview":"max-video-preview:-1"},"canonical":"https:\/\/www.saintetheresechalons.com\/index.php\/2022\/08\/15\/homelie-du-pere-wersinger-15-aout-2022\/","og_locale":"fr_FR","og_type":"article","og_title":"Hom\u00e9lie du P\u00e8re Wersinger - Paroisse Sainte-Th\u00e9r\u00e8se","og_description":"Le 1er novembre 1950, le Pape Pie XII d\u00e9finissait solennellement le dogme de l&rsquo;Assomption. Pour la foi catholique, le corps de Marie n&rsquo;a pas connu la d\u00e9gradation du tombeau. A ... [Read more...]","og_url":"https:\/\/www.saintetheresechalons.com\/index.php\/2022\/08\/15\/homelie-du-pere-wersinger-15-aout-2022\/","og_site_name":"Paroisse Sainte-Th\u00e9r\u00e8se","article_published_time":"2022-08-15T14:15:44+00:00","article_modified_time":"2022-10-12T11:37:55+00:00","author":"Mark HOLDSWORTH","twitter_card":"summary_large_image","twitter_misc":{"\u00c9crit par":"Mark HOLDSWORTH","Dur\u00e9e de lecture estim\u00e9e":"5 minutes"},"schema":{"@context":"https:\/\/schema.org","@graph":[{"@type":"Article","@id":"https:\/\/www.saintetheresechalons.com\/index.php\/2022\/08\/15\/homelie-du-pere-wersinger-15-aout-2022\/#article","isPartOf":{"@id":"https:\/\/www.saintetheresechalons.com\/index.php\/2022\/08\/15\/homelie-du-pere-wersinger-15-aout-2022\/"},"author":{"name":"Mark HOLDSWORTH","@id":"https:\/\/www.saintetheresechalons.com\/#\/schema\/person\/a06a9a315167034db6b77fcdea4e4363"},"headline":"Hom\u00e9lie du P\u00e8re Wersinger","datePublished":"2022-08-15T14:15:44+00:00","dateModified":"2022-10-12T11:37:55+00:00","mainEntityOfPage":{"@id":"https:\/\/www.saintetheresechalons.com\/index.php\/2022\/08\/15\/homelie-du-pere-wersinger-15-aout-2022\/"},"wordCount":862,"articleSection":["Hom\u00e9lies"],"inLanguage":"fr-FR"},{"@type":"WebPage","@id":"https:\/\/www.saintetheresechalons.com\/index.php\/2022\/08\/15\/homelie-du-pere-wersinger-15-aout-2022\/","url":"https:\/\/www.saintetheresechalons.com\/index.php\/2022\/08\/15\/homelie-du-pere-wersinger-15-aout-2022\/","name":"Hom\u00e9lie du P\u00e8re Wersinger - Paroisse Sainte-Th\u00e9r\u00e8se","isPartOf":{"@id":"https:\/\/www.saintetheresechalons.com\/#website"},"datePublished":"2022-08-15T14:15:44+00:00","dateModified":"2022-10-12T11:37:55+00:00","author":{"@id":"https:\/\/www.saintetheresechalons.com\/#\/schema\/person\/a06a9a315167034db6b77fcdea4e4363"},"breadcrumb":{"@id":"https:\/\/www.saintetheresechalons.com\/index.php\/2022\/08\/15\/homelie-du-pere-wersinger-15-aout-2022\/#breadcrumb"},"inLanguage":"fr-FR","potentialAction":[{"@type":"ReadAction","target":["https:\/\/www.saintetheresechalons.com\/index.php\/2022\/08\/15\/homelie-du-pere-wersinger-15-aout-2022\/"]}]},{"@type":"BreadcrumbList","@id":"https:\/\/www.saintetheresechalons.com\/index.php\/2022\/08\/15\/homelie-du-pere-wersinger-15-aout-2022\/#breadcrumb","itemListElement":[{"@type":"ListItem","position":1,"name":"Accueil","item":"https:\/\/www.saintetheresechalons.com\/"},{"@type":"ListItem","position":2,"name":"Hom\u00e9lie du P\u00e8re Wersinger"}]},{"@type":"WebSite","@id":"https:\/\/www.saintetheresechalons.com\/#website","url":"https:\/\/www.saintetheresechalons.com\/","name":"Paroisse Sainte-Th\u00e9r\u00e8se","description":"Eglise catholique \u00e0 Ch\u00e2lons-En-Champagne","potentialAction":[{"@type":"SearchAction","target":{"@type":"EntryPoint","urlTemplate":"https:\/\/www.saintetheresechalons.com\/?s={search_term_string}"},"query-input":{"@type":"PropertyValueSpecification","valueRequired":true,"valueName":"search_term_string"}}],"inLanguage":"fr-FR"},{"@type":"Person","@id":"https:\/\/www.saintetheresechalons.com\/#\/schema\/person\/a06a9a315167034db6b77fcdea4e4363","name":"Mark HOLDSWORTH","image":{"@type":"ImageObject","inLanguage":"fr-FR","@id":"https:\/\/secure.gravatar.com\/avatar\/aa9e587c85c83bc25e158e057b6a78c476e9edb3e08e2a9a54e9d2c57b2d2cca?s=96&d=mm&r=g","url":"https:\/\/secure.gravatar.com\/avatar\/aa9e587c85c83bc25e158e057b6a78c476e9edb3e08e2a9a54e9d2c57b2d2cca?s=96&d=mm&r=g","contentUrl":"https:\/\/secure.gravatar.com\/avatar\/aa9e587c85c83bc25e158e057b6a78c476e9edb3e08e2a9a54e9d2c57b2d2cca?s=96&d=mm&r=g","caption":"Mark HOLDSWORTH"},"url":"https:\/\/www.saintetheresechalons.com\/index.php\/author\/markholds\/"}]}},"_links":{"self":[{"href":"https:\/\/www.saintetheresechalons.com\/index.php\/wp-json\/wp\/v2\/posts\/110","targetHints":{"allow":["GET"]}}],"collection":[{"href":"https:\/\/www.saintetheresechalons.com\/index.php\/wp-json\/wp\/v2\/posts"}],"about":[{"href":"https:\/\/www.saintetheresechalons.com\/index.php\/wp-json\/wp\/v2\/types\/post"}],"author":[{"embeddable":true,"href":"https:\/\/www.saintetheresechalons.com\/index.php\/wp-json\/wp\/v2\/users\/4"}],"replies":[{"embeddable":true,"href":"https:\/\/www.saintetheresechalons.com\/index.php\/wp-json\/wp\/v2\/comments?post=110"}],"version-history":[{"count":2,"href":"https:\/\/www.saintetheresechalons.com\/index.php\/wp-json\/wp\/v2\/posts\/110\/revisions"}],"predecessor-version":[{"id":244,"href":"https:\/\/www.saintetheresechalons.com\/index.php\/wp-json\/wp\/v2\/posts\/110\/revisions\/244"}],"wp:attachment":[{"href":"https:\/\/www.saintetheresechalons.com\/index.php\/wp-json\/wp\/v2\/media?parent=110"}],"wp:term":[{"taxonomy":"category","embeddable":true,"href":"https:\/\/www.saintetheresechalons.com\/index.php\/wp-json\/wp\/v2\/categories?post=110"},{"taxonomy":"post_tag","embeddable":true,"href":"https:\/\/www.saintetheresechalons.com\/index.php\/wp-json\/wp\/v2\/tags?post=110"}],"curies":[{"name":"wp","href":"https:\/\/api.w.org\/{rel}","templated":true}]}}